{"id":272,"date":"2022-10-04T16:04:04","date_gmt":"2022-10-04T14:04:04","guid":{"rendered":"https:\/\/bsc-consulting.at\/?post_type=presse&#038;p=272"},"modified":"2022-11-04T16:12:17","modified_gmt":"2022-11-04T14:12:17","slug":"die-erste-wohnmesse-talks-holen-den-sommer-zuruck","status":"publish","type":"presse","link":"https:\/\/bsc-consulting.at\/en\/presse\/die-erste-wohnmesse-talks-holen-den-sommer-zuruck\/","title":{"rendered":"Die Erste Wohnmesse \u201eTalks\u201c holen den Sommer zur\u00fcck"},"content":{"rendered":"<p>Wien, 04. Oktober, 2022 \u2013 Mit dem Ausklang des Sommers startete ein weiteres Highlight des Hybrid-Konzeptes \u201eErste Wohnmesse real+\u201c \u2013 die \u201eSummer Talks\u201c. Quasi r\u00fcckblickend in den Sommer, erschien seit Mitte September zwei Wochen lang jeden Dienstag und Freitag um 19 Uhr ein neuer Live-Talk zu den Themen Immobilien, Finanzieren und Versichern auf den Kan\u00e4len Facebook, LinkedIn und YouTube.<\/p>\n\n\n\n<h2 class=\"wp-block-heading\">Talk verpasst? Kein Problem<\/h2>\n\n\n\n<p>\u201eDie Erste Wohnmesse real+ erobert mit dem neuen Content-Format die Aufmerksamkeit der Zuseher:innen das ganze Jahr \u00fcber und stimmt nat\u00fcrlich auch auf den Messetag am 6. November ein. \u201eDie Pr\u00e4sentation hochkar\u00e4tiger Expert:innen gleich zu Beginn der ersten Staffel f\u00fchrte zu einem \u00fcberw\u00e4ltigenden Zuspruch seitens unserer Zuseher:innen \u201c, so Sebastian Berloffa, Managing Partner des Veranstalters enteco.<\/p>\n\n\n\n<p>Die Live-Talks stehen ab sofort auf\u00a0<a href=\"https:\/\/www.erstewohnmesse.at\/\" target=\"_blank\" rel=\"noopener\">www.erstewohnmesse.at<\/a>\u00a0zum Informieren bereit.<\/p>\n\n\n\n<h2 class=\"wp-block-heading\">Summer Talks im Wintergarten<\/h2>\n\n\n\n<p>Vorbild f\u00fcr die Vortragsreihe \u201eTalks\u201c waren die beliebten interaktiven Vortr\u00e4ge in der Stage Hall der Erste Wohnmesse real+. Mit dem Auftakt, den \u201eSummer Talks\u201c, wurde u.a. auch Bezug auf Fragen und Anliegen der Besucher:innen genommen, die im letzten Jahr mittels Publikumsbefragung erfasst wurden. Die \u201eSummer Talks\u201c fanden \u00fcbrigens im Wintergarten des Erste Campus statt. Der Erste Campus ist auch in diesem Jahr Veranstaltungsort der Erste Wohnmesse real+.<\/p>\n\n\n\n<h2 class=\"wp-block-heading\">Expert:innen am digitalen Start<\/h2>\n\n\n\n<p>Folgende Expert:innen sind in der ersten Staffel mit dabei:<\/p>\n\n\n\n<p><strong>Claus Loidolt<\/strong>&nbsp;\u2013 Otto Immobilien \u2013 zum Thema: \u201eWohnen \u2013 wie sich der aktuelle Markt entwickelt und worauf ich aktuell Acht geben muss\u201c<\/p>\n\n\n\n<p><strong>Birgit Einzenberger &amp; David Gleixner<\/strong>&nbsp;\u2013 Erste Bank \u2013 zum Thema: \u201eFinanzieren \u2013 Wie ich mein Geld am besten anlege\u201c<\/p>\n\n\n\n<p><strong>Thilo B\u00f6rner&nbsp;<\/strong>\u2013 B\u00f6rner Ihr Hausmakler \u2013 zum Thema: \u201eVerkauf und Erbe \u2013 welche Stolpersteine ich vermeiden kann und wieso ich einen Profi engagieren sollte\u201c<\/p>\n\n\n\n<p><strong>Philip Haberl&nbsp;<\/strong>\u2013 s REAL Immobilien \u2013 zum Thema: \u201eVorsorgen \u2013 Kaufen oder nicht? Was ich beachten muss.\u201c<\/p>\n\n\n\n<p>Immobilienexperte Thilo B\u00f6rner ist \u00fcberzeugt: \u201eMenschen sind generell mit Werbung \u00fcberflutet und bauen richtige Schutzw\u00e4lle dagegen auf. Genau umgekehrt ist es mit Content, der zur Lebenssituation passt. Daher ist hochwertiges Content Marketing auch enorm erfolgreich. Das neue Format der \u201eTalks\u201c bietet mir eine gute Gelegenheit, Kund:innen \u00fcber wichtige Fragen zu spezifischen Szenarien schon im Vorfeld aufzukl\u00e4ren.\u201c<\/p>\n\n\n\n<p>Sebastian Berloffa erg\u00e4nzt: \u201eWie auch schon zuvor, ver\u00e4ndert die Erste Wohnmesse damit den klassischen Ansatz einer Messe und vereint Altbew\u00e4hrtes mit neuen, digitalen Ans\u00e4tzen, die direkt auf die Zuschauer:innen abgestimmt sind und weit \u00fcber die Grenzen des Messegel\u00e4ndes hinaus gehen.\u201c<\/p>\n\n\n\n<p><br>\u00dcber den Veranstalter \u201eenteco\u201c<\/p>\n\n\n\n<p>Die Digital Real Estate Marketing Agentur enteco hat sich die Digitalisierung der Immobilienbranche zur Aufgabe gemacht. Im Fokus stehen Strategie, Transformation und Umsetzung in den Gesch\u00e4ftsbereichen &nbsp;Digital Communications, Marketing Technology und Events. Die Agentur betreut Kunden wie die Wirtschaftskammer Wien \u2013 Fachgruppe Immobilientreuh\u00e4nder, die Erste Bank, Raiffeisen-Vorsorge-Wohnung, Glorit, Buwog, Arwag, Fair Invest, Strabag Real Estate, Curcuma, EHL, Aprom Real Estate Group, Haustraum Town &amp; Country und viele weitere.<\/p>\n\n\n\n<p>Mit der eigenen Veranstaltungsreihe \u201e#TheREAL100\u201c setzt die Agentur seit 2018 Impulse im beliebten Afterwork-Format f\u00fcr die Top-Leader der Branche.<\/p>\n\n\n\n<p>Das Unternehmen wurde 1997 von Serial Entrepreneur und Immobilienexperten Friedrich Cs\u00f6rgits gegr\u00fcndet. Seit 2021 f\u00fchrt der Wirtschaftsinformatiker Sebastian Berloffa das Unternehmen in die digitale Zukunft.<\/p>\n\n\n\n<p>Weitere Informationen erhalten Sie unter\u00a0<a href=\"https:\/\/www.enteco.at\/\" target=\"_blank\" rel=\"noreferrer noopener\">www.enteco.at<\/a>\u00a0und www.erstewohnmesse.at.<\/p>\n\n\n\n<h2 class=\"wp-block-heading\">Contact<\/h2>\n\n\n\n<p>Nadine Peischl<br>Marketing Communications Manager<br>enteco #digitalrealestatemarketing<br>Enteco Concept GmbH<br>+43 664 928 9750<br><a href=\"mailto:peischl@enteco.at\">peischl@enteco.at<\/a><\/p>\n\n\n\n<p>Sabina Berloffa<br>PR-Support<br>BSC Strategy Consulting GmbH<br>+43664 230 75 06<br><a href=\"mailto:berloffa@bsc-consulting.at\">berloffa@bsc-consulting.at<\/a><\/p>","protected":false},"excerpt":{"rendered":"<p>Mit den \u201eSummer Talks\u201c holen die Veranstalter der Erste Wohnmesse rechtzeitig zum Herbstbeginn den Sommer zur\u00fcck. F\u00fcr die Besucher:innen der Erste Wohnmesse am 6. November und f\u00fcr Interessierte, gibt es mit der neuen Erste Wohnmesse-Expertenvortragsreihe \u201eTalks\u201c schon vor der Messe wertvolle Tipps und Informationen zu den Themen Immobilien, Finanzieren und Versichern.<\/p>","protected":false},"featured_media":0,"template":"","class_list":["post-272","presse","type-presse","status-publish","hentry"],"meta_box":{"pm_uploads":[{"filesize":62835,"ID":"273","name":"Erste-Wohnmesse-Summertalks-1.pdf","path":"\/var\/www\/vhosts\/bsc-consulting.at\/httpdocs\/wp-content\/uploads\/2022\/11\/Erste-Wohnmesse-Summertalks-1.pdf","url":"https:\/\/bsc-consulting.at\/wp-content\/uploads\/2022\/11\/Erste-Wohnmesse-Summertalks-1.pdf","title":"Erste-Wohnmesse-Summertalks-1"}],"pm_kundeneintrag":"0"},"_links":{"self":[{"href":"https:\/\/bsc-consulting.at\/en\/wp-json\/wp\/v2\/presse\/272","targetHints":{"allow":["GET"]}}],"collection":[{"href":"https:\/\/bsc-consulting.at\/en\/wp-json\/wp\/v2\/presse"}],"about":[{"href":"https:\/\/bsc-consulting.at\/en\/wp-json\/wp\/v2\/types\/presse"}],"wp:attachment":[{"href":"https:\/\/bsc-consulting.at\/en\/wp-json\/wp\/v2\/media?parent=272"}],"curies":[{"name":"wp","href":"https:\/\/api.w.org\/{rel}","templated":true}]}}